{"id":1804,"date":"2025-03-18T15:08:55","date_gmt":"2025-03-18T18:08:55","guid":{"rendered":"http:\/\/cehap.pb.gov.br\/sitecehap\/?p=1804"},"modified":"2025-03-18T15:08:57","modified_gmt":"2025-03-18T18:08:57","slug":"reuniao-aprova-regimento-da-6a-conferencia-das-cidades-na-paraiba","status":"publish","type":"post","link":"http:\/\/cehap.pb.gov.br\/sitecehap\/reuniao-aprova-regimento-da-6a-conferencia-das-cidades-na-paraiba\/","title":{"rendered":"Reuni\u00e3o aprova regimento da 6\u00aa Confer\u00eancia das Cidades na Para\u00edba"},"content":{"rendered":"\n<p class=\"has-text-align-left\">A Companhia Estadual de Habita\u00e7\u00e3o Popular (Cehap) promoveu na \u00faltima segunda-feira (17), na Escola de Servi\u00e7o P\u00fablico da Para\u00edba (Espep), uma reuni\u00e3o com a participa\u00e7\u00e3o de diversos integrantes de segmentos da sociedade civil e do poder p\u00fablico, tanto estaduais, quanto municipais, para a aprova\u00e7\u00e3o do Regimento Interno da 6\u00aa Confer\u00eancia Estadual das Cidades na Para\u00edba. <\/p>\n\n\n\n<p>A reuni\u00e3o foi coordenada pelo Gerente de Programas Habitacionais da Cehap, Gildmar Alves, que debateu com os participantes sobre a import\u00e2ncia de unir esfor\u00e7os para garantir que as vozes da sociedade civil sejam ouvidas nas decis\u00f5es que impactam no desenvolvimento urbano. Al\u00e9m disso, o encontro foi um espa\u00e7o de di\u00e1logo e colabora\u00e7\u00e3o, onde cada entidade teve a oportunidade de apresentar suas demandas e sugest\u00f5es.&nbsp;<\/p>\n\n\n\n<p>Nas discuss\u00f5es al\u00e9m da defini\u00e7\u00e3o do Regimento, foram decididos alguns pontos relevantes, como a cria\u00e7\u00e3o de uma Comiss\u00e3o de Valida\u00e7\u00e3o, com cinco membros para as futuras decis\u00f5es. Tamb\u00e9m foi criada a Comiss\u00e3o de Metodologias e Sistematiza\u00e7\u00e3o, que dever\u00e1 conduzir a realiza\u00e7\u00e3o da Confer\u00eancia em converg\u00eancia com todos os temas.<\/p>\n\n\n\n<p>Ao promover as reuni\u00f5es preparat\u00f3rias, o Governo do Estado, por meio da Cehap, reafirma o compromisso com a transpar\u00eancia e a participa\u00e7\u00e3o social, entendendo como pe\u00e7as fundamentais para a constru\u00e7\u00e3o de pol\u00edticas p\u00fablicas cada vez mais inclusivas.<\/p>\n\n\n\n<p><strong>Confer\u00eancia Estadual<\/strong><\/p>\n\n\n\n<p>O evento volta a ocorrer ap\u00f3s 10 anos de espera e a data de realiza\u00e7\u00e3o deve ser definida em breve. Com o objetivo de ajudar na constru\u00e7\u00e3o de cidades mais justas, democr\u00e1ticas e sustent\u00e1veis, a Confer\u00eancia Estadual deve ocorrer, bem como as Confer\u00eancias Municipais, para estabelecer as diretrizes que ser\u00e3o levadas \u00e0 Confer\u00eancia Nacional, realizada pelo Minist\u00e9rio das Cidades, reunindo todas as contribui\u00e7\u00f5es do pais inteiro.<\/p>\n\n\n\n<p>Na Para\u00edba, esse trabalho preparat\u00f3rio \u00e9 conduzido pela Cehap e a expectativa \u00e9 que a partir dos di\u00e1logos, seja poss\u00edvel avan\u00e7ar nas discuss\u00f5es que dever\u00e3o ser levadas e apresentadas na realiza\u00e7\u00e3o da Confer\u00eancia Nacional. &nbsp;<\/p>\n","protected":false},"excerpt":{"rendered":"<p>A Companhia Estadual de Habita\u00e7\u00e3o Popular (Cehap) promoveu na \u00faltima segunda-feira (17), na Escola de Servi\u00e7o P\u00fablico da Para\u00edba (Espep), uma reuni\u00e3o com a participa\u00e7\u00e3o de diversos integrantes de segmentos da sociedade civil e do poder p\u00fablico, tanto estaduais, quanto municipais, para a aprova\u00e7\u00e3o do Regimento Interno da 6\u00aa Confer\u00eancia Estadual das Cidades na Para\u00edba. [&hellip;]<\/p>\n","protected":false},"author":3,"featured_media":1805,"comment_status":"closed","ping_status":"open","sticky":false,"template":"","format":"standard","meta":{"_et_pb_use_builder":"off","_et_pb_old_content":"","_et_gb_content_width":"","footnotes":""},"categories":[1],"tags":[],"class_list":["post-1804","post","type-post","status-publish","format-standard","has-post-thumbnail","hentry","category-sem-categoria"],"_links":{"self":[{"href":"http:\/\/cehap.pb.gov.br\/sitecehap\/wp-json\/wp\/v2\/posts\/1804","targetHints":{"allow":["GET"]}}],"collection":[{"href":"http:\/\/cehap.pb.gov.br\/sitecehap\/wp-json\/wp\/v2\/posts"}],"about":[{"href":"http:\/\/cehap.pb.gov.br\/sitecehap\/wp-json\/wp\/v2\/types\/post"}],"author":[{"embeddable":true,"href":"http:\/\/cehap.pb.gov.br\/sitecehap\/wp-json\/wp\/v2\/users\/3"}],"replies":[{"embeddable":true,"href":"http:\/\/cehap.pb.gov.br\/sitecehap\/wp-json\/wp\/v2\/comments?post=1804"}],"version-history":[{"count":1,"href":"http:\/\/cehap.pb.gov.br\/sitecehap\/wp-json\/wp\/v2\/posts\/1804\/revisions"}],"predecessor-version":[{"id":1806,"href":"http:\/\/cehap.pb.gov.br\/sitecehap\/wp-json\/wp\/v2\/posts\/1804\/revisions\/1806"}],"wp:featuredmedia":[{"embeddable":true,"href":"http:\/\/cehap.pb.gov.br\/sitecehap\/wp-json\/wp\/v2\/media\/1805"}],"wp:attachment":[{"href":"http:\/\/cehap.pb.gov.br\/sitecehap\/wp-json\/wp\/v2\/media?parent=1804"}],"wp:term":[{"taxonomy":"category","embeddable":true,"href":"http:\/\/cehap.pb.gov.br\/sitecehap\/wp-json\/wp\/v2\/categories?post=1804"},{"taxonomy":"post_tag","embeddable":true,"href":"http:\/\/cehap.pb.gov.br\/sitecehap\/wp-json\/wp\/v2\/tags?post=1804"}],"curies":[{"name":"wp","href":"https:\/\/api.w.org\/{rel}","templated":true}]}}