{"id":2333,"date":"2026-04-01T07:44:59","date_gmt":"2026-04-01T10:44:59","guid":{"rendered":"http:\/\/cehap.pb.gov.br\/sitecehap\/?p=2333"},"modified":"2026-04-01T07:45:11","modified_gmt":"2026-04-01T10:45:11","slug":"joao-azevedo-entrega-escrituras-a-mais-351-familias-e-avanca-no-processo-de-desprivatizacao-de-rio-tinto","status":"publish","type":"post","link":"http:\/\/cehap.pb.gov.br\/sitecehap\/joao-azevedo-entrega-escrituras-a-mais-351-familias-e-avanca-no-processo-de-desprivatizacao-de-rio-tinto\/","title":{"rendered":"Jo\u00e3o Azev\u00eado entrega escrituras a mais 351 fam\u00edlias e avan\u00e7a no processo de desprivatiza\u00e7\u00e3o de Rio Tinto"},"content":{"rendered":"\n<p>O governador Jo\u00e3o Azev\u00eado realizou, nesta ter\u00e7a-feira (31), a entrega de mais 351 escrituras de im\u00f3veis no munic\u00edpio de Rio Tinto, referentes \u00e0 segunda etapa do processo de regulariza\u00e7\u00e3o fundi\u00e1ria conduzido pelo Governo da Para\u00edba, por meio da Companhia Estadual de Habita\u00e7\u00e3o Popular (Cehap). Na ocasi\u00e3o, tamb\u00e9m foram entregues mais 10 casas dentro do programa Parceiros da Habita\u00e7\u00e3o. \u00a0<\/p>\n\n\n\n<p>Em uma solenidade marcada por muita emo\u00e7\u00e3o no Gin\u00e1sio Gerbas\u00e3o, mais de mil fam\u00edlias beneficiadas receberam das m\u00e3os do governador Jo\u00e3o Azev\u00eado e do vice-governador Lucas Ribeiro as t\u00e3o aguardadas escrituras de suas casas. Com a nova entrega, o programa alcan\u00e7a 1.051 im\u00f3veis regularizados no munic\u00edpio, num investimento de mais de R$ 36 milh\u00f5es para assegurar o direito \u00e0 propriedade \u00e0s fam\u00edlias de Rio Tinto, considerada por muito tempo como a \u201cCidade Privatizada\u201d devido ao fato de que, desde a sua funda\u00e7\u00e3o, por volta de 1918, boa parte das suas moradias pertenciam \u00e0 fam\u00edlia Lundgren, propriet\u00e1ria da Companhia de Tecidos Rio Tinto.&nbsp;&nbsp;<\/p>\n\n\n\n<p>Durante a solenidade, o governador Jo\u00e3o Azev\u00eado destacou a import\u00e2ncia hist\u00f3rica da a\u00e7\u00e3o para o munic\u00edpio de Rio Tinto e ressaltou que a regulariza\u00e7\u00e3o fundi\u00e1ria representa uma das iniciativas mais significativas de sua gest\u00e3o na \u00e1rea habitacional. \u201cNesses mais de 30 anos lutando para resolver o problema de uma cidade que pertencia a um grupo familiar, passa um filme na minha cabe\u00e7a, porque a pergunta que fica \u00e9: por que n\u00e3o foi feito antes? Por que deixaram as pessoas sofrerem durante tanto tempo? Na verdade, faltou decis\u00e3o pol\u00edtica e a coragem que o nosso governo teve para resolver um problema hist\u00f3rico\u201d, afirmou.<\/p>\n\n\n\n<p>O gestor tamb\u00e9m lembrou das diversas visitas que fez ao munic\u00edpio ao longo dos anos e relatou que era comum ouvir moradores preocupados com a possibilidade de perderem as casas onde viviam h\u00e1 d\u00e9cadas. \u201cEu vinha aqui muitas vezes e escutava as pessoas dizendo que tinham medo de algu\u00e9m tomar a casa onde moravam h\u00e1 tanto tempo. Agora n\u00e3o toma mais n\u00e3o, gente. A casa est\u00e1 escriturada. A casa \u00e9 de voc\u00eas\u201d, declarou.<\/p>\n\n\n\n<p>Para o vice-governador Lucas Ribeiro, essa conquista de Rio Tinto \u00e9 do povo que n\u00e3o deixou de acreditar no esfor\u00e7o do Governo do Estado para resolver a regulariza\u00e7\u00e3o fundi\u00e1ria do munic\u00edpio. \u201cEstamos vivendo um momento hist\u00f3rico em Rio Tinto, resolvendo de forma definitiva uma situa\u00e7\u00e3o que se arrastava h\u00e1 anos. \u00c9 um investimento que garante o t\u00edtulo de casa pr\u00f3pria para a popula\u00e7\u00e3o, levando dignidade, seguran\u00e7a jur\u00eddica e respeito \u00e0s fam\u00edlias. Esse \u00e9 o compromisso do nosso governo: enfrentar problemas estruturais, entregar resultados concretos e seguir avan\u00e7ando, com responsabilidade e foco em melhorar a vida das pessoas em toda a Para\u00edba\u201d, destacou Lucas Ribeiro.&nbsp;<\/p>\n\n\n\n<p>A prefeita de Rio Tinto, Magna Gerbasi, disse que o governo de Jo\u00e3o Azev\u00eado foi um \u201cdivisor de \u00e1guas\u201d na hist\u00f3ria de Rio Tinto, pois v\u00e1rios governantes prometeram, \u201cmas foi esse governo que teve decis\u00e3o e o compromisso de resolver o impasse sobre a posse das casas a quem era de direito e de realizar grandes obras como a reforma do Gin\u00e1sio Gerbas\u00e3o, a libera\u00e7\u00e3o dos recursos para a constru\u00e7\u00e3o da creche, a estrada que liga o munic\u00edpio \u00e0 Praia de Campina e conv\u00eanios na agricultura\u201d. A prefeita tamb\u00e9m entregou uma placa em homenagem a Jo\u00e3o Azev\u00eado por libertar a cidade de Rio Tinto e devolv\u00ea-la ao povo. &nbsp;&nbsp;<\/p>\n\n\n\n<p>\u201cO governador Jo\u00e3o foi o que mais trabalhou, que mais olhou para as necessidades do nosso povo e para o desenvolvimento de Rio Tinto. E que ficar\u00e1 marcado em nossa hist\u00f3ria como o governador que desprivatizou a nossa cidade e realizou o sonho da posse de suas casas para mais de 1 mil fam\u00edlias\u201d, frisou. &nbsp;&nbsp;<\/p>\n\n\n\n<p>A presidente da Companhia Estadual de Habita\u00e7\u00e3o Popular (Cehap), Em\u00edlia Correia Lima, ressaltou que a conquista representa o compromisso do governador Jo\u00e3o Azev\u00eado de promover a \u201cdesprivatiza\u00e7\u00e3o\u201d do munic\u00edpio, uma situa\u00e7\u00e3o hist\u00f3rica que mantinha grande parte dos im\u00f3veis sem regulariza\u00e7\u00e3o formal e seus moradores angustiados. \u201cHoje a cidade est\u00e1 livre, pois mais de 20% dos im\u00f3veis do munic\u00edpio passam a estar regularizados, garantindo seguran\u00e7a jur\u00eddica e dignidade para os moradores que depois de quase quatro d\u00e9cadas recebem a posse de suas casas\u201d, pontuou. &nbsp;<\/p>\n\n\n\n<p>Em\u00edlia explicou que o processo foi viabilizado pelo Decreto n\u00ba 46.743, de 30 de julho de 2025, que autorizou a desapropria\u00e7\u00e3o dos novos 351 im\u00f3veis para fins de regulariza\u00e7\u00e3o fundi\u00e1ria para fam\u00edlias com renda de at\u00e9 3 sal\u00e1rios-m\u00ednimos. \u201cO trabalho de regulariza\u00e7\u00e3o come\u00e7ou em 2024, com visitas t\u00e9cnicas, cadastramento dos im\u00f3veis, coleta de documentos e an\u00e1lise do enquadramento das fam\u00edlias de acordo com os crit\u00e9rios estabelecidos na Portaria n\u00ba 009\/2022, resultando na sele\u00e7\u00e3o de 351 im\u00f3veis contemplados nesta segunda etapa\u201d, explicou.&nbsp;&nbsp;<\/p>\n\n\n\n<p>A desapropria\u00e7\u00e3o contempla im\u00f3veis localizados no Distrito de Salema e em diversas ruas do centro de Rio Tinto e incluiu tamb\u00e9m alguns espa\u00e7os p\u00fablicos como o Clube Social do munic\u00edpio que tamb\u00e9m pertencia \u00e0 fam\u00edlia Lundgren. \u201cA regulariza\u00e7\u00e3o fundi\u00e1ria garante \u00e0s fam\u00edlias o direito pleno \u00e0 propriedade, possibilitando acesso a cr\u00e9dito, valoriza\u00e7\u00e3o do im\u00f3vel e maior seguran\u00e7a para as futuras gera\u00e7\u00f5es. Al\u00e9m disso, fortalece a pol\u00edtica habitacional do Estado e promove inclus\u00e3o social por meio da garantia do direito \u00e0 moradia\u201d, observou Em\u00edlia Correia Lima.&nbsp;&nbsp;<\/p>\n\n\n\n<p><strong>Fam\u00edlias se emocionam ao receberem escrituras de suas casas<\/strong><\/p>\n\n\n\n<p>Uma das beneficiadas com a escritura de sua casa foi a aposentada Maclina Maria, conhecida por dona Creuza, que n\u00e3o conteve a emo\u00e7\u00e3o ao finalmente receber a escritura das m\u00e3os do governador Jo\u00e3o Azev\u00eado. \u201cO maior sonho da minha vida est\u00e1 sendo realizado hoje porque s\u00f3 Deus sabe as noites que passei sem dormir, as l\u00e1grimas, as dificuldades de viver tantos anos pagando um aluguel na casa que moro h\u00e1 mais de 60 anos, e agora, finalmente dizer que a casa que foi dos meus pais, agora \u00e9 minha. Obrigado governador por libertar o povo de Rio Tinto\u201d, agradeceu bastante emocionada. &nbsp;&nbsp;<\/p>\n\n\n\n<p>A filha de dona Creuza, Niedja Maria, tamb\u00e9m recebeu a escritura de sua casa no Centro do munic\u00edpio e lembrou que v\u00e1rios ex-governadores haviam prometido resolver esse problema. \u201cGra\u00e7as ao governador e \u00e0 prefeita Magna estamos livres e libertas e com a seguran\u00e7a de vivermos em nossa casa\u201d, relatou abra\u00e7ada a sua m\u00e3e.&nbsp;&nbsp;<\/p>\n\n\n\n<p>Tamb\u00e9m participaram da solenidade o prefeito de Mamanguape, Joaquim Fernandes; o deputado federal Murilo Galdino; a deputada estadual Daniela do Vale; o secret\u00e1rio chefe de Gabinete do estado, Ronaldo Guerra; o cacique e vereador de Rio Tinto Sandro Gomes, e vereadores dos munic\u00edpios de Rio Tinto e Mamanguape.<\/p>\n\n\n\n<p><strong>Confira as fotos: <\/strong><\/p>\n\n\n\n<figure class=\"wp-block-gallery has-nested-images columns-default is-cropped wp-block-gallery-1 is-layout-flex wp-block-gallery-is-layout-flex\">\n<figure class=\"wp-block-image size-large\"><img loading=\"lazy\" decoding=\"async\" width=\"1024\" height=\"806\" data-id=\"2335\" src=\"http:\/\/cehap.pb.gov.br\/sitecehap\/wp-content\/uploads\/2026\/04\/WhatsApp-Image-2026-04-01-at-07.44.23-1024x806.jpeg\" alt=\"\" class=\"wp-image-2335\" srcset=\"http:\/\/cehap.pb.gov.br\/sitecehap\/wp-content\/uploads\/2026\/04\/WhatsApp-Image-2026-04-01-at-07.44.23-980x771.jpeg 980w, http:\/\/cehap.pb.gov.br\/sitecehap\/wp-content\/uploads\/2026\/04\/WhatsApp-Image-2026-04-01-at-07.44.23-480x378.jpeg 480w\" sizes=\"(min-width: 0px) and (max-width: 480px) 480px, (min-width: 481px) and (max-width: 980px) 980px, (min-width: 981px) 1024px, 100vw\" \/><\/figure>\n\n\n\n<figure class=\"wp-block-image size-large\"><img loading=\"lazy\" decoding=\"async\" width=\"768\" height=\"528\" data-id=\"2337\" src=\"http:\/\/cehap.pb.gov.br\/sitecehap\/wp-content\/uploads\/2026\/04\/ESCRITURAS-RIO-TINTO-7.jpeg\" alt=\"\" class=\"wp-image-2337\" srcset=\"http:\/\/cehap.pb.gov.br\/sitecehap\/wp-content\/uploads\/2026\/04\/ESCRITURAS-RIO-TINTO-7.jpeg 768w, http:\/\/cehap.pb.gov.br\/sitecehap\/wp-content\/uploads\/2026\/04\/ESCRITURAS-RIO-TINTO-7-480x330.jpeg 480w\" sizes=\"(min-width: 0px) and (max-width: 480px) 480px, (min-width: 481px) 768px, 100vw\" \/><\/figure>\n\n\n\n<figure class=\"wp-block-image size-large\"><img loading=\"lazy\" decoding=\"async\" width=\"768\" height=\"532\" data-id=\"2338\" src=\"http:\/\/cehap.pb.gov.br\/sitecehap\/wp-content\/uploads\/2026\/04\/ESCRITURAS-RIO-TINTO-6.jpeg\" alt=\"\" class=\"wp-image-2338\" srcset=\"http:\/\/cehap.pb.gov.br\/sitecehap\/wp-content\/uploads\/2026\/04\/ESCRITURAS-RIO-TINTO-6.jpeg 768w, http:\/\/cehap.pb.gov.br\/sitecehap\/wp-content\/uploads\/2026\/04\/ESCRITURAS-RIO-TINTO-6-480x333.jpeg 480w\" sizes=\"(min-width: 0px) and (max-width: 480px) 480px, (min-width: 481px) 768px, 100vw\" \/><\/figure>\n\n\n\n<figure class=\"wp-block-image size-large\"><img loading=\"lazy\" decoding=\"async\" width=\"768\" height=\"520\" data-id=\"2336\" src=\"http:\/\/cehap.pb.gov.br\/sitecehap\/wp-content\/uploads\/2026\/04\/PPH-RIO-TINTO.jpeg\" alt=\"\" class=\"wp-image-2336\" srcset=\"http:\/\/cehap.pb.gov.br\/sitecehap\/wp-content\/uploads\/2026\/04\/PPH-RIO-TINTO.jpeg 768w, http:\/\/cehap.pb.gov.br\/sitecehap\/wp-content\/uploads\/2026\/04\/PPH-RIO-TINTO-480x325.jpeg 480w\" sizes=\"(min-width: 0px) and (max-width: 480px) 480px, (min-width: 481px) 768px, 100vw\" \/><\/figure>\n\n\n\n<figure class=\"wp-block-image size-large\"><img loading=\"lazy\" decoding=\"async\" width=\"768\" height=\"522\" data-id=\"2339\" src=\"http:\/\/cehap.pb.gov.br\/sitecehap\/wp-content\/uploads\/2026\/04\/ESCRITURAS-RIO-TINTO-5.jpeg\" alt=\"\" class=\"wp-image-2339\" srcset=\"http:\/\/cehap.pb.gov.br\/sitecehap\/wp-content\/uploads\/2026\/04\/ESCRITURAS-RIO-TINTO-5.jpeg 768w, http:\/\/cehap.pb.gov.br\/sitecehap\/wp-content\/uploads\/2026\/04\/ESCRITURAS-RIO-TINTO-5-480x326.jpeg 480w\" sizes=\"(min-width: 0px) and (max-width: 480px) 480px, (min-width: 481px) 768px, 100vw\" \/><\/figure>\n\n\n\n<figure class=\"wp-block-image size-large\"><img loading=\"lazy\" decoding=\"async\" width=\"768\" height=\"522\" data-id=\"2340\" src=\"http:\/\/cehap.pb.gov.br\/sitecehap\/wp-content\/uploads\/2026\/04\/ESCRITURAS-RIO-TINTO-4.jpeg\" alt=\"\" class=\"wp-image-2340\" srcset=\"http:\/\/cehap.pb.gov.br\/sitecehap\/wp-content\/uploads\/2026\/04\/ESCRITURAS-RIO-TINTO-4.jpeg 768w, http:\/\/cehap.pb.gov.br\/sitecehap\/wp-content\/uploads\/2026\/04\/ESCRITURAS-RIO-TINTO-4-480x326.jpeg 480w\" sizes=\"(min-width: 0px) and (max-width: 480px) 480px, (min-width: 481px) 768px, 100vw\" \/><\/figure>\n\n\n\n<figure class=\"wp-block-image size-large\"><img loading=\"lazy\" decoding=\"async\" width=\"768\" height=\"519\" data-id=\"2342\" src=\"http:\/\/cehap.pb.gov.br\/sitecehap\/wp-content\/uploads\/2026\/04\/ESCRITURAS-RIO-TINTO-3.jpeg\" alt=\"\" class=\"wp-image-2342\" srcset=\"http:\/\/cehap.pb.gov.br\/sitecehap\/wp-content\/uploads\/2026\/04\/ESCRITURAS-RIO-TINTO-3.jpeg 768w, http:\/\/cehap.pb.gov.br\/sitecehap\/wp-content\/uploads\/2026\/04\/ESCRITURAS-RIO-TINTO-3-480x324.jpeg 480w\" sizes=\"(min-width: 0px) and (max-width: 480px) 480px, (min-width: 481px) 768px, 100vw\" \/><\/figure>\n\n\n\n<figure class=\"wp-block-image size-large\"><img loading=\"lazy\" decoding=\"async\" width=\"768\" height=\"354\" data-id=\"2341\" src=\"http:\/\/cehap.pb.gov.br\/sitecehap\/wp-content\/uploads\/2026\/04\/ESCRITURAS-RIO-TINTO-2.jpeg\" alt=\"\" class=\"wp-image-2341\" srcset=\"http:\/\/cehap.pb.gov.br\/sitecehap\/wp-content\/uploads\/2026\/04\/ESCRITURAS-RIO-TINTO-2.jpeg 768w, http:\/\/cehap.pb.gov.br\/sitecehap\/wp-content\/uploads\/2026\/04\/ESCRITURAS-RIO-TINTO-2-480x221.jpeg 480w\" sizes=\"(min-width: 0px) and (max-width: 480px) 480px, (min-width: 481px) 768px, 100vw\" \/><\/figure>\n<\/figure>\n","protected":false},"excerpt":{"rendered":"<p>O governador Jo\u00e3o Azev\u00eado realizou, nesta ter\u00e7a-feira (31), a entrega de mais 351 escrituras de im\u00f3veis no munic\u00edpio de Rio Tinto, referentes \u00e0 segunda etapa do processo de regulariza\u00e7\u00e3o fundi\u00e1ria conduzido pelo Governo da Para\u00edba, por meio da Companhia Estadual de Habita\u00e7\u00e3o Popular (Cehap). Na ocasi\u00e3o, tamb\u00e9m foram entregues mais 10 casas dentro do programa [&hellip;]<\/p>\n","protected":false},"author":3,"featured_media":2334,"comment_status":"closed","ping_status":"open","sticky":false,"template":"","format":"standard","meta":{"_et_pb_use_builder":"off","_et_pb_old_content":"","_et_gb_content_width":"","footnotes":""},"categories":[1],"tags":[],"class_list":["post-2333","post","type-post","status-publish","format-standard","has-post-thumbnail","hentry","category-sem-categoria"],"_links":{"self":[{"href":"http:\/\/cehap.pb.gov.br\/sitecehap\/wp-json\/wp\/v2\/posts\/2333","targetHints":{"allow":["GET"]}}],"collection":[{"href":"http:\/\/cehap.pb.gov.br\/sitecehap\/wp-json\/wp\/v2\/posts"}],"about":[{"href":"http:\/\/cehap.pb.gov.br\/sitecehap\/wp-json\/wp\/v2\/types\/post"}],"author":[{"embeddable":true,"href":"http:\/\/cehap.pb.gov.br\/sitecehap\/wp-json\/wp\/v2\/users\/3"}],"replies":[{"embeddable":true,"href":"http:\/\/cehap.pb.gov.br\/sitecehap\/wp-json\/wp\/v2\/comments?post=2333"}],"version-history":[{"count":2,"href":"http:\/\/cehap.pb.gov.br\/sitecehap\/wp-json\/wp\/v2\/posts\/2333\/revisions"}],"predecessor-version":[{"id":2344,"href":"http:\/\/cehap.pb.gov.br\/sitecehap\/wp-json\/wp\/v2\/posts\/2333\/revisions\/2344"}],"wp:featuredmedia":[{"embeddable":true,"href":"http:\/\/cehap.pb.gov.br\/sitecehap\/wp-json\/wp\/v2\/media\/2334"}],"wp:attachment":[{"href":"http:\/\/cehap.pb.gov.br\/sitecehap\/wp-json\/wp\/v2\/media?parent=2333"}],"wp:term":[{"taxonomy":"category","embeddable":true,"href":"http:\/\/cehap.pb.gov.br\/sitecehap\/wp-json\/wp\/v2\/categories?post=2333"},{"taxonomy":"post_tag","embeddable":true,"href":"http:\/\/cehap.pb.gov.br\/sitecehap\/wp-json\/wp\/v2\/tags?post=2333"}],"curies":[{"name":"wp","href":"https:\/\/api.w.org\/{rel}","templated":true}]}}